{"id":6916,"date":"2024-04-09T21:12:35","date_gmt":"2024-04-09T21:12:35","guid":{"rendered":"https:\/\/www.rihispanicchamber.org\/?p=6916"},"modified":"2024-04-10T14:55:09","modified_gmt":"2024-04-10T14:55:09","slug":"agradecemos-a-la-ciudad-de-providence","status":"publish","type":"post","link":"https:\/\/www.rihispanicchamber.org\/es\/agradecemos-a-la-ciudad-de-providence\/","title":{"rendered":"Sesi\u00f3n Informativa: procesos de licitaci\u00f3n y contrataci\u00f3n de la ciudad de Providence"},"content":{"rendered":"<p>Agradecemos a la Ciudad de Providence, a su Director del Departamento de Compras; el Sr. Alejandro Tiradi y a su Directora de Divulgaci\u00f3n de MBE\/WBE por permitirnos realizar, el pasado mi\u00e9rcoles 27 de marzo, una secci\u00f3n informativa con nuestros miembros y comerciantes del \u00e1rea. Durante el evento, los participantes tuvieron la oportunidad de conocer los procesos de licitaci\u00f3n y contrataci\u00f3n utilizados por la Ciudad.<\/p>\n\n\n\n<figure class=\"wp-block-image size-large\"><img fetchpriority=\"high\" decoding=\"async\" width=\"1024\" height=\"768\" src=\"https:\/\/www.rihispanicchamber.org\/wp-content\/uploads\/2024\/04\/providence02-1024x768.jpg\" alt=\"\" class=\"wp-image-6918\" srcset=\"https:\/\/www.rihispanicchamber.org\/wp-content\/uploads\/2024\/04\/providence02-1024x768.jpg 1024w, https:\/\/www.rihispanicchamber.org\/wp-content\/uploads\/2024\/04\/providence02-300x225.jpg 300w, https:\/\/www.rihispanicchamber.org\/wp-content\/uploads\/2024\/04\/providence02-768x576.jpg 768w, https:\/\/www.rihispanicchamber.org\/wp-content\/uploads\/2024\/04\/providence02-16x12.jpg 16w, https:\/\/www.rihispanicchamber.org\/wp-content\/uploads\/2024\/04\/providence02.jpg 1200w\" sizes=\"(max-width: 1024px) 100vw, 1024px\" \/><\/figure>\n\n\n\n<p><\/p>\n\n\n\n<p>Si no pudiste ir a la Secci\u00f3n pero desea obtener la informaci\u00f3n puede llamar a nuestra Oficina y hacer cita con el Director de nuestro Programa de Soporte a las Empresas Minoristas, el Sr. Edwin Cancel, el cual puedes contactar por tel al 401-400-1340 o a su email <a href=\"mailto:ecancel@rihispanicchamber.org\" target=\"_blank\" rel=\"noreferrer noopener\">ecancel@rihispanicchamber.org<\/a>.<\/p>","protected":false},"excerpt":{"rendered":"<p>Agradecemos a la Ciudad de Providence, a su Director del Departamento de Compras; el Sr. Alejandro Tiradi y a su [&hellip;]<\/p>\n","protected":false},"author":8,"featured_media":6917,"comment_status":"open","ping_status":"open","sticky":false,"template":"","format":"standard","meta":{"om_disable_all_campaigns":false,"inline_featured_image":false,"_monsterinsights_skip_tracking":false,"_monsterinsights_sitenote_active":false,"_monsterinsights_sitenote_note":"","_monsterinsights_sitenote_category":0,"footnotes":""},"categories":[19],"tags":[],"class_list":["post-6916","post","type-post","status-publish","format-standard","has-post-thumbnail","hentry","category-news"],"aioseo_notices":[],"_links":{"self":[{"href":"https:\/\/www.rihispanicchamber.org\/es\/wp-json\/wp\/v2\/posts\/6916","targetHints":{"allow":["GET"]}}],"collection":[{"href":"https:\/\/www.rihispanicchamber.org\/es\/wp-json\/wp\/v2\/posts"}],"about":[{"href":"https:\/\/www.rihispanicchamber.org\/es\/wp-json\/wp\/v2\/types\/post"}],"author":[{"embeddable":true,"href":"https:\/\/www.rihispanicchamber.org\/es\/wp-json\/wp\/v2\/users\/8"}],"replies":[{"embeddable":true,"href":"https:\/\/www.rihispanicchamber.org\/es\/wp-json\/wp\/v2\/comments?post=6916"}],"version-history":[{"count":3,"href":"https:\/\/www.rihispanicchamber.org\/es\/wp-json\/wp\/v2\/posts\/6916\/revisions"}],"predecessor-version":[{"id":6940,"href":"https:\/\/www.rihispanicchamber.org\/es\/wp-json\/wp\/v2\/posts\/6916\/revisions\/6940"}],"wp:featuredmedia":[{"embeddable":true,"href":"https:\/\/www.rihispanicchamber.org\/es\/wp-json\/wp\/v2\/media\/6917"}],"wp:attachment":[{"href":"https:\/\/www.rihispanicchamber.org\/es\/wp-json\/wp\/v2\/media?parent=6916"}],"wp:term":[{"taxonomy":"category","embeddable":true,"href":"https:\/\/www.rihispanicchamber.org\/es\/wp-json\/wp\/v2\/categories?post=6916"},{"taxonomy":"post_tag","embeddable":true,"href":"https:\/\/www.rihispanicchamber.org\/es\/wp-json\/wp\/v2\/tags?post=6916"}],"curies":[{"name":"wp","href":"https:\/\/api.w.org\/{rel}","templated":true}]}}